{"id":5326,"date":"2024-03-05T15:40:31","date_gmt":"2024-03-05T15:40:31","guid":{"rendered":"https:\/\/www.blocotelha.com\/rehabilitacion-y-ampliacion-del-estadio-de-la-meinau-estrasburgo\/"},"modified":"2025-05-26T14:41:03","modified_gmt":"2025-05-26T14:41:03","slug":"rehabilitacion-y-ampliacion-del-estadio-de-la-meinau-estrasburgo","status":"publish","type":"post","link":"https:\/\/www.blocotelha.com\/es\/rehabilitacion-y-ampliacion-del-estadio-de-la-meinau-estrasburgo\/","title":{"rendered":"Rehabilitaci\u00f3n y ampliaci\u00f3n del Estadio de la Meinau, Estrasburgo"},"content":{"rendered":"\n<h2 class=\"wp-block-heading\">\u00a1Estamos orgullosos de formar parte de este proyecto!<\/h2>\n\n<p>La rehabilitaci\u00f3n y ampliaci\u00f3n del Estadio de la Meinau, un complejo deportivo de gran relevancia para la ciudad de Estrasburgo. Se trata de un proyecto ambicioso que tiene como objetivo modernizar el estadio y aumentar su capacidad hasta alcanzar los 32.000 asientos en verano de 2026. El proyecto tambi\u00e9n plantea una soluci\u00f3n innovadora para la fachada sur del estadio, mediante la reutilizaci\u00f3n y &#8220;upcycling&#8221; de partes del fuselaje de un A340 para crear elementos de sombra.<\/p>\n\n<p>M\u00e1s informaci\u00f3n sobre el proyecto: https:\/\/destination-meinau.eu\/le-projet\/<\/p>\n\n<p>Cr\u00e9ditos de foto y arquitectos: Populous y rey &#8211; de cr\u00e9cy<\/p>\n\n<div class=\"wp-block-kobu-custom-blocks-responsive-spacer responsive-spacer size-large\"><\/div><br>\n\n<div class=\"wp-block-kobu-custom-blocks-slider-gallery alignfull\"><div class=\"slider-gallery gallery-container hidden  multiple\"><div class=\"gallery \" role=\"list\"><div class=\"slide\" role=\"listitem\"><div class=\"figure-wrapper\"><figure><img loading=\"lazy\" decoding=\"async\" width=\"1280\" height=\"720\" class=\"wp-image-5544\" src=\"https:\/\/www.blocotelha.com\/files\/uploads\/2024\/03\/Facade-Concept.jpeg\" alt=\"\" sizes=\"auto, 100vw\" srcset=\"https:\/\/www.blocotelha.com\/files\/uploads\/2024\/03\/Facade-Concept.jpeg 1280w, https:\/\/www.blocotelha.com\/files\/uploads\/2024\/03\/Facade-Concept-300x169.jpeg 300w, https:\/\/www.blocotelha.com\/files\/uploads\/2024\/03\/Facade-Concept-1024x576.jpeg 1024w, https:\/\/www.blocotelha.com\/files\/uploads\/2024\/03\/Facade-Concept-768x432.jpeg 768w\" \/><\/figure><\/div><\/div><div class=\"slide\" role=\"listitem\"><div class=\"figure-wrapper\"><figure><img loading=\"lazy\" decoding=\"async\" width=\"1246\" height=\"830\" class=\"wp-image-1924\" src=\"https:\/\/www.blocotelha.com\/files\/uploads\/2024\/06\/Meinau-Strasbourg-Stadium-1.webp\" alt=\"\" sizes=\"auto, 100vw\" srcset=\"https:\/\/www.blocotelha.com\/files\/uploads\/2024\/06\/Meinau-Strasbourg-Stadium-1.webp 1246w, https:\/\/www.blocotelha.com\/files\/uploads\/2024\/06\/Meinau-Strasbourg-Stadium-1-300x200.webp 300w, https:\/\/www.blocotelha.com\/files\/uploads\/2024\/06\/Meinau-Strasbourg-Stadium-1-1024x682.webp 1024w, https:\/\/www.blocotelha.com\/files\/uploads\/2024\/06\/Meinau-Strasbourg-Stadium-1-768x512.webp 768w\" \/><\/figure><\/div><\/div><div class=\"slide\" role=\"listitem\"><div class=\"figure-wrapper\"><figure><img loading=\"lazy\" decoding=\"async\" width=\"1246\" height=\"830\" class=\"wp-image-1928\" src=\"https:\/\/www.blocotelha.com\/files\/uploads\/2024\/06\/Meinau-Strasbourg-Stadium-2.webp\" alt=\"\" sizes=\"auto, 100vw\" srcset=\"https:\/\/www.blocotelha.com\/files\/uploads\/2024\/06\/Meinau-Strasbourg-Stadium-2.webp 1246w, https:\/\/www.blocotelha.com\/files\/uploads\/2024\/06\/Meinau-Strasbourg-Stadium-2-300x200.webp 300w, https:\/\/www.blocotelha.com\/files\/uploads\/2024\/06\/Meinau-Strasbourg-Stadium-2-1024x682.webp 1024w, https:\/\/www.blocotelha.com\/files\/uploads\/2024\/06\/Meinau-Strasbourg-Stadium-2-768x512.webp 768w\" \/><\/figure><\/div><\/div><div class=\"slide\" role=\"listitem\"><div class=\"figure-wrapper\"><figure><img loading=\"lazy\" decoding=\"async\" width=\"1246\" height=\"830\" class=\"wp-image-1932\" src=\"https:\/\/www.blocotelha.com\/files\/uploads\/2024\/06\/Meinau-Strasbourg-Stadium-3.webp\" alt=\"\" sizes=\"auto, 100vw\" srcset=\"https:\/\/www.blocotelha.com\/files\/uploads\/2024\/06\/Meinau-Strasbourg-Stadium-3.webp 1246w, https:\/\/www.blocotelha.com\/files\/uploads\/2024\/06\/Meinau-Strasbourg-Stadium-3-300x200.webp 300w, https:\/\/www.blocotelha.com\/files\/uploads\/2024\/06\/Meinau-Strasbourg-Stadium-3-1024x682.webp 1024w, https:\/\/www.blocotelha.com\/files\/uploads\/2024\/06\/Meinau-Strasbourg-Stadium-3-768x512.webp 768w\" \/><\/figure><\/div><\/div><\/div><\/div><\/div><br>\n\n<div class=\"wp-block-kobu-custom-blocks-responsive-spacer responsive-spacer size-large\"><\/div><br>\n","protected":false},"excerpt":{"rendered":"<p>Rehabilitaci\u00f3n y ampliaci\u00f3n del Estadio de la Meinau, Estrasburgo<\/p>\n","protected":false},"author":7,"featured_media":1922,"comment_status":"closed","ping_status":"open","sticky":false,"template":"","format":"standard","meta":{"_acf_changed":false,"inline_featured_image":false,"footnotes":""},"categories":[113],"tags":[],"class_list":["post-5326","post","type-post","status-publish","format-standard","has-post-thumbnail","hentry","category-nuevos-proyectos-es"],"acf":[],"_links":{"self":[{"href":"https:\/\/www.blocotelha.com\/es\/wp-json\/wp\/v2\/posts\/5326","targetHints":{"allow":["GET"]}}],"collection":[{"href":"https:\/\/www.blocotelha.com\/es\/wp-json\/wp\/v2\/posts"}],"about":[{"href":"https:\/\/www.blocotelha.com\/es\/wp-json\/wp\/v2\/types\/post"}],"author":[{"embeddable":true,"href":"https:\/\/www.blocotelha.com\/es\/wp-json\/wp\/v2\/users\/7"}],"replies":[{"embeddable":true,"href":"https:\/\/www.blocotelha.com\/es\/wp-json\/wp\/v2\/comments?post=5326"}],"version-history":[{"count":3,"href":"https:\/\/www.blocotelha.com\/es\/wp-json\/wp\/v2\/posts\/5326\/revisions"}],"predecessor-version":[{"id":5583,"href":"https:\/\/www.blocotelha.com\/es\/wp-json\/wp\/v2\/posts\/5326\/revisions\/5583"}],"wp:featuredmedia":[{"embeddable":true,"href":"https:\/\/www.blocotelha.com\/es\/wp-json\/wp\/v2\/media\/1922"}],"wp:attachment":[{"href":"https:\/\/www.blocotelha.com\/es\/wp-json\/wp\/v2\/media?parent=5326"}],"wp:term":[{"taxonomy":"category","embeddable":true,"href":"https:\/\/www.blocotelha.com\/es\/wp-json\/wp\/v2\/categories?post=5326"},{"taxonomy":"post_tag","embeddable":true,"href":"https:\/\/www.blocotelha.com\/es\/wp-json\/wp\/v2\/tags?post=5326"}],"curies":[{"name":"wp","href":"https:\/\/api.w.org\/{rel}","templated":true}]}}